{"id":3872,"date":"2025-04-01T09:52:15","date_gmt":"2025-04-01T08:52:15","guid":{"rendered":"https:\/\/canalissimo.fr\/?p=3872"},"modified":"2025-04-01T14:02:12","modified_gmt":"2025-04-01T13:02:12","slug":"dimanche-06-juillet-21h30","status":"publish","type":"post","link":"https:\/\/canalissimo.fr\/index.php\/2025\/04\/01\/dimanche-06-juillet-21h30\/","title":{"rendered":"Dimanche 06 Juillet &#8211; 21h30"},"content":{"rendered":"<h3>Concert sc\u00e8ne : Oub\u00e9ret &#8211; 21h30 -Ecluse.<\/h3>\n<p><strong>Musique Rock Celtique D\u00e9complex\u00e9e. <\/strong><strong>Pourquoi d\u00e9complex\u00e9e ?<\/strong><\/p>\n<p><strong>\u00ab\u00a0Parce que nous voulons laisser notre imagination, notre cr\u00e9ativit\u00e9, nos humeurs, nos <\/strong><strong>valeurs, nos personnalit\u00e9s s\u2019exprimer sans limite et sans l\u2019obligation de rentrer dans des <\/strong><strong>cases. Nous faisons notre musique avec notre coeur \u2026et nos mains!\u00a0\u00bb<\/strong><\/p>\n<p><strong>Oub\u00e9ret vous transportera gr\u00e2ce \u00e0 ses compositions originales m\u00ealant paroles gorg\u00e9es <\/strong><strong>d\u2019humour et rythmes celtiques, mais aussi et surtout gr\u00e2ce.<\/strong><\/p>\n<div><\/div>\n","protected":false},"excerpt":{"rendered":"<p>Concert sc\u00e8ne : Oub\u00e9ret &#8211; 21h30 -Ecluse. Musique Rock Celtique D\u00e9complex\u00e9e. Pourquoi d\u00e9complex\u00e9e ? \u00ab\u00a0Parce que nous voulons laisser notre imagination, notre cr\u00e9ativit\u00e9, nos humeurs, nos valeurs, nos personnalit\u00e9s s\u2019exprimer sans limite et sans l\u2019obligation de rentrer dans des cases. [&hellip;]<\/p>\n","protected":false},"author":1,"featured_media":3915,"comment_status":"closed","ping_status":"closed","sticky":false,"template":"elementor_header_footer","format":"standard","meta":{"footnotes":""},"categories":[23],"tags":[],"class_list":["post-3872","post","type-post","status-publish","format-standard","has-post-thumbnail","hentry","category-23"],"_links":{"self":[{"href":"https:\/\/canalissimo.fr\/index.php\/wp-json\/wp\/v2\/posts\/3872","targetHints":{"allow":["GET"]}}],"collection":[{"href":"https:\/\/canalissimo.fr\/index.php\/wp-json\/wp\/v2\/posts"}],"about":[{"href":"https:\/\/canalissimo.fr\/index.php\/wp-json\/wp\/v2\/types\/post"}],"author":[{"embeddable":true,"href":"https:\/\/canalissimo.fr\/index.php\/wp-json\/wp\/v2\/users\/1"}],"replies":[{"embeddable":true,"href":"https:\/\/canalissimo.fr\/index.php\/wp-json\/wp\/v2\/comments?post=3872"}],"version-history":[{"count":4,"href":"https:\/\/canalissimo.fr\/index.php\/wp-json\/wp\/v2\/posts\/3872\/revisions"}],"predecessor-version":[{"id":4003,"href":"https:\/\/canalissimo.fr\/index.php\/wp-json\/wp\/v2\/posts\/3872\/revisions\/4003"}],"wp:featuredmedia":[{"embeddable":true,"href":"https:\/\/canalissimo.fr\/index.php\/wp-json\/wp\/v2\/media\/3915"}],"wp:attachment":[{"href":"https:\/\/canalissimo.fr\/index.php\/wp-json\/wp\/v2\/media?parent=3872"}],"wp:term":[{"taxonomy":"category","embeddable":true,"href":"https:\/\/canalissimo.fr\/index.php\/wp-json\/wp\/v2\/categories?post=3872"},{"taxonomy":"post_tag","embeddable":true,"href":"https:\/\/canalissimo.fr\/index.php\/wp-json\/wp\/v2\/tags?post=3872"}],"curies":[{"name":"wp","href":"https:\/\/api.w.org\/{rel}","templated":true}]}}