{"id":3632,"date":"2024-04-23T12:00:36","date_gmt":"2024-04-23T11:00:36","guid":{"rendered":"https:\/\/canalissimo.fr\/?p=3632"},"modified":"2024-04-23T15:50:17","modified_gmt":"2024-04-23T14:50:17","slug":"dimanche-30-juin-10h30-a-20h00","status":"publish","type":"post","link":"https:\/\/canalissimo.fr\/index.php\/2024\/04\/23\/dimanche-30-juin-10h30-a-20h00\/","title":{"rendered":"Dimanche 30 Juin &#8211; 10h30 \u00e0 20h00"},"content":{"rendered":"<h1>Concert de rue : Batucada Tempo Loco &#8211; 10h30 \u00e0 20h00 &#8211; D\u00e9ambulation puis \u00e9cluse.<\/h1>\n<p>La batucada Tempo Loco est n\u00e9e en 2016 \u00e0 Cessenon-sur-Orb.<\/p>\n<p>Passionn\u00e9 de percussions, ce groupe qui compte d\u00e9sormais une centaine de musiciens enthousiastes dont plusieurs musiciens professionnels greffe des influences africaines et afro-cubaines \u00e0 ses traditionnelles racines rythmiques br\u00e9siliennes.<\/p>\n<p>Insufflant des \u00e9lans rock\/funk et \u00e9lectro \u00e0 son r\u00e9pertoire dansant, il transporte le public dans de joyeuses envol\u00e9es communicatives.<\/p>\n<p>Un groupe qui pulse, qui groove et qui aime son Tempo \u2026 LocOoo !!<\/p>\n<div><\/div>\n","protected":false},"excerpt":{"rendered":"<p>Concert de rue : Batucada Tempo Loco &#8211; 10h30 \u00e0 20h00 &#8211; D\u00e9ambulation puis \u00e9cluse. La batucada Tempo Loco est n\u00e9e en 2016 \u00e0 Cessenon-sur-Orb. Passionn\u00e9 de percussions, ce groupe qui compte d\u00e9sormais une centaine de musiciens enthousiastes dont plusieurs [&hellip;]<\/p>\n","protected":false},"author":1,"featured_media":3633,"comment_status":"closed","ping_status":"closed","sticky":false,"template":"elementor_header_footer","format":"standard","meta":{"footnotes":""},"categories":[21],"tags":[],"class_list":["post-3632","post","type-post","status-publish","format-standard","has-post-thumbnail","hentry","category-21"],"_links":{"self":[{"href":"https:\/\/canalissimo.fr\/index.php\/wp-json\/wp\/v2\/posts\/3632","targetHints":{"allow":["GET"]}}],"collection":[{"href":"https:\/\/canalissimo.fr\/index.php\/wp-json\/wp\/v2\/posts"}],"about":[{"href":"https:\/\/canalissimo.fr\/index.php\/wp-json\/wp\/v2\/types\/post"}],"author":[{"embeddable":true,"href":"https:\/\/canalissimo.fr\/index.php\/wp-json\/wp\/v2\/users\/1"}],"replies":[{"embeddable":true,"href":"https:\/\/canalissimo.fr\/index.php\/wp-json\/wp\/v2\/comments?post=3632"}],"version-history":[{"count":2,"href":"https:\/\/canalissimo.fr\/index.php\/wp-json\/wp\/v2\/posts\/3632\/revisions"}],"predecessor-version":[{"id":3678,"href":"https:\/\/canalissimo.fr\/index.php\/wp-json\/wp\/v2\/posts\/3632\/revisions\/3678"}],"wp:featuredmedia":[{"embeddable":true,"href":"https:\/\/canalissimo.fr\/index.php\/wp-json\/wp\/v2\/media\/3633"}],"wp:attachment":[{"href":"https:\/\/canalissimo.fr\/index.php\/wp-json\/wp\/v2\/media?parent=3632"}],"wp:term":[{"taxonomy":"category","embeddable":true,"href":"https:\/\/canalissimo.fr\/index.php\/wp-json\/wp\/v2\/categories?post=3632"},{"taxonomy":"post_tag","embeddable":true,"href":"https:\/\/canalissimo.fr\/index.php\/wp-json\/wp\/v2\/tags?post=3632"}],"curies":[{"name":"wp","href":"https:\/\/api.w.org\/{rel}","templated":true}]}}