{"id":3629,"date":"2024-04-23T12:05:52","date_gmt":"2024-04-23T11:05:52","guid":{"rendered":"https:\/\/canalissimo.fr\/?p=3629"},"modified":"2024-04-23T16:05:53","modified_gmt":"2024-04-23T15:05:53","slug":"samedi-29-juin-21h30","status":"publish","type":"post","link":"https:\/\/canalissimo.fr\/index.php\/2024\/04\/23\/samedi-29-juin-21h30\/","title":{"rendered":"Samedi 29 Juin &#8211; 21h30"},"content":{"rendered":"<h1>Concert sc\u00e8ne : Les Vrill\u00e9s &#8211; 21h30 &#8211; Ecluse.<\/h1>\n<p>Parce que le groupe est constitu\u00e9 d\u2019une bande de potes qui devient carr\u00e9ment folle une fois l\u00e2ch\u00e9e sur sc\u00e8ne, le nom \u00ab les Vrill\u00e9s \u00bb repr\u00e9sente l\u2019\u00e9nergie et la fougue de ces 8 musiciens bretons.<\/p>\n<p>Kilts, \u00e9nergie d\u00e9bordante, bonne humeur partag\u00e9e, guitares \u00e9lectris\u00e9es, bombarde et cornemuses endiabl\u00e9es : voil\u00e0 la recette de ces artistes d\u00e9brid\u00e9s !<\/p>\n<p>Ils partagent un lien direct tr\u00e8s fort avec le public et n\u2019h\u00e9sitent pas \u00e0 inviter de nombreux copains musiciens \u00e0 les rejoindre sur sc\u00e8ne.<\/p>\n<p>Avec les Vrill\u00e9s, vous avalerez un grand bol d\u2019eau sal\u00e9e, par les oreilles, \u00e0 la mode bretonne !<\/p>\n<p>Soyez vigilants, les chiens sont l\u00e2ch\u00e9s !!!<\/p>\n<p><img fetchpriority=\"high\" decoding=\"async\" class=\"alignnone size-full wp-image-3630\" src=\"http:\/\/canalissimo.fr\/wp-content\/uploads\/2024\/04\/1212vrilles.jpg\" alt=\"\" width=\"1212\" height=\"960\" srcset=\"https:\/\/canalissimo.fr\/wp-content\/uploads\/2024\/04\/1212vrilles.jpg 1212w, https:\/\/canalissimo.fr\/wp-content\/uploads\/2024\/04\/1212vrilles-300x238.jpg 300w, https:\/\/canalissimo.fr\/wp-content\/uploads\/2024\/04\/1212vrilles-1024x811.jpg 1024w, https:\/\/canalissimo.fr\/wp-content\/uploads\/2024\/04\/1212vrilles-768x608.jpg 768w, https:\/\/canalissimo.fr\/wp-content\/uploads\/2024\/04\/1212vrilles-1000x792.jpg 1000w, https:\/\/canalissimo.fr\/wp-content\/uploads\/2024\/04\/1212vrilles-230x182.jpg 230w, https:\/\/canalissimo.fr\/wp-content\/uploads\/2024\/04\/1212vrilles-350x277.jpg 350w, https:\/\/canalissimo.fr\/wp-content\/uploads\/2024\/04\/1212vrilles-480x380.jpg 480w\" sizes=\"(max-width: 1212px) 100vw, 1212px\" \/><\/p>\n","protected":false},"excerpt":{"rendered":"<p>Concert sc\u00e8ne : Les Vrill\u00e9s &#8211; 21h30 &#8211; Ecluse. Parce que le groupe est constitu\u00e9 d\u2019une bande de potes qui devient carr\u00e9ment folle une fois l\u00e2ch\u00e9e sur sc\u00e8ne, le nom \u00ab les Vrill\u00e9s \u00bb repr\u00e9sente l\u2019\u00e9nergie et la fougue de [&hellip;]<\/p>\n","protected":false},"author":1,"featured_media":3630,"comment_status":"closed","ping_status":"closed","sticky":false,"template":"elementor_header_footer","format":"standard","meta":{"footnotes":""},"categories":[21],"tags":[],"class_list":["post-3629","post","type-post","status-publish","format-standard","has-post-thumbnail","hentry","category-21"],"_links":{"self":[{"href":"https:\/\/canalissimo.fr\/index.php\/wp-json\/wp\/v2\/posts\/3629","targetHints":{"allow":["GET"]}}],"collection":[{"href":"https:\/\/canalissimo.fr\/index.php\/wp-json\/wp\/v2\/posts"}],"about":[{"href":"https:\/\/canalissimo.fr\/index.php\/wp-json\/wp\/v2\/types\/post"}],"author":[{"embeddable":true,"href":"https:\/\/canalissimo.fr\/index.php\/wp-json\/wp\/v2\/users\/1"}],"replies":[{"embeddable":true,"href":"https:\/\/canalissimo.fr\/index.php\/wp-json\/wp\/v2\/comments?post=3629"}],"version-history":[{"count":2,"href":"https:\/\/canalissimo.fr\/index.php\/wp-json\/wp\/v2\/posts\/3629\/revisions"}],"predecessor-version":[{"id":3691,"href":"https:\/\/canalissimo.fr\/index.php\/wp-json\/wp\/v2\/posts\/3629\/revisions\/3691"}],"wp:featuredmedia":[{"embeddable":true,"href":"https:\/\/canalissimo.fr\/index.php\/wp-json\/wp\/v2\/media\/3630"}],"wp:attachment":[{"href":"https:\/\/canalissimo.fr\/index.php\/wp-json\/wp\/v2\/media?parent=3629"}],"wp:term":[{"taxonomy":"category","embeddable":true,"href":"https:\/\/canalissimo.fr\/index.php\/wp-json\/wp\/v2\/categories?post=3629"},{"taxonomy":"post_tag","embeddable":true,"href":"https:\/\/canalissimo.fr\/index.php\/wp-json\/wp\/v2\/tags?post=3629"}],"curies":[{"name":"wp","href":"https:\/\/api.w.org\/{rel}","templated":true}]}}