{"id":3616,"date":"2024-04-23T12:20:49","date_gmt":"2024-04-23T11:20:49","guid":{"rendered":"https:\/\/canalissimo.fr\/?p=3616"},"modified":"2024-04-23T16:05:10","modified_gmt":"2024-04-23T15:05:10","slug":"samedi-29-juin-10h30-20h00","status":"publish","type":"post","link":"https:\/\/canalissimo.fr\/index.php\/2024\/04\/23\/samedi-29-juin-10h30-20h00\/","title":{"rendered":"Samedi 29 Juin &#8211; 10h30 \u00e0 20h00"},"content":{"rendered":"<h1>Concert de rue : Pe\u00f1a Los Festeja\u00efres\u00a0&#8211; 10h30 \u00e0 20h00 &#8211; D\u00e9ambulation puis \u00e9cluse.<\/h1>\n<p>A la grande \u00e9poque, dans les ann\u00e9es 50, o\u00f9 les industries du Bousquet d\u2019Orb, dans les Hauts Cantons H\u00e9raultais, \u00e9taient florissantes, une fanfare nomm\u00e9e l\u2019Ind\u00e9pendante, dot\u00e9e de plus de 70 musiciens, tournait \u00e0 plein r\u00e9gime. Epaul\u00e9e par la verrerie et les mines, cette soci\u00e9t\u00e9 musicale repr\u00e9sentait le Bousquet d\u2019Orb partout en France dans divers festivals.<\/p>\n<p>Puis la verrerie et la mine ont ferm\u00e9, entra\u00eenant l\u2019extinction de la fanfare.<\/p>\n<p>En mai 2000, pour le carnaval du village, six anciens musiciens de la fanfare ont \u00e9t\u00e9 sollicit\u00e9s pour sortir leurs instruments poussi\u00e9reux\u2026 En deux temps trois mouvements la fanfare l\u2019ind\u00e9pendante \u00e9tait repartie. Le programme a \u00e9volu\u00e9 avec un r\u00e9pertoire sp\u00e9cial carnaval, bodega et feria. La \u00ab Pe\u00f1a Los Festejaires \u00bb venait de na\u00eetre.<\/p>\n<p>Actuellement 25 musiciens de 25 \u00e0 85 ans, tous b\u00e9n\u00e9voles, sont r\u00e9unis dans un m\u00eame but : faire de la musique dans une ambiance de copains.<\/p>\n<p><img fetchpriority=\"high\" decoding=\"async\" class=\"alignnone size-full wp-image-3617\" src=\"http:\/\/canalissimo.fr\/wp-content\/uploads\/2024\/04\/1212-Festa.jpg\" alt=\"\" width=\"1212\" height=\"960\" srcset=\"https:\/\/canalissimo.fr\/wp-content\/uploads\/2024\/04\/1212-Festa.jpg 1212w, https:\/\/canalissimo.fr\/wp-content\/uploads\/2024\/04\/1212-Festa-300x238.jpg 300w, https:\/\/canalissimo.fr\/wp-content\/uploads\/2024\/04\/1212-Festa-1024x811.jpg 1024w, https:\/\/canalissimo.fr\/wp-content\/uploads\/2024\/04\/1212-Festa-768x608.jpg 768w, https:\/\/canalissimo.fr\/wp-content\/uploads\/2024\/04\/1212-Festa-1000x792.jpg 1000w, https:\/\/canalissimo.fr\/wp-content\/uploads\/2024\/04\/1212-Festa-230x182.jpg 230w, https:\/\/canalissimo.fr\/wp-content\/uploads\/2024\/04\/1212-Festa-350x277.jpg 350w, https:\/\/canalissimo.fr\/wp-content\/uploads\/2024\/04\/1212-Festa-480x380.jpg 480w\" sizes=\"(max-width: 1212px) 100vw, 1212px\" \/><\/p>\n","protected":false},"excerpt":{"rendered":"<p>Concert de rue : Pe\u00f1a Los Festeja\u00efres\u00a0&#8211; 10h30 \u00e0 20h00 &#8211; D\u00e9ambulation puis \u00e9cluse. A la grande \u00e9poque, dans les ann\u00e9es 50, o\u00f9 les industries du Bousquet d\u2019Orb, dans les Hauts Cantons H\u00e9raultais, \u00e9taient florissantes, une fanfare nomm\u00e9e l\u2019Ind\u00e9pendante, dot\u00e9e [&hellip;]<\/p>\n","protected":false},"author":1,"featured_media":3617,"comment_status":"closed","ping_status":"closed","sticky":false,"template":"elementor_header_footer","format":"standard","meta":{"footnotes":""},"categories":[21],"tags":[],"class_list":["post-3616","post","type-post","status-publish","format-standard","has-post-thumbnail","hentry","category-21"],"_links":{"self":[{"href":"https:\/\/canalissimo.fr\/index.php\/wp-json\/wp\/v2\/posts\/3616","targetHints":{"allow":["GET"]}}],"collection":[{"href":"https:\/\/canalissimo.fr\/index.php\/wp-json\/wp\/v2\/posts"}],"about":[{"href":"https:\/\/canalissimo.fr\/index.php\/wp-json\/wp\/v2\/types\/post"}],"author":[{"embeddable":true,"href":"https:\/\/canalissimo.fr\/index.php\/wp-json\/wp\/v2\/users\/1"}],"replies":[{"embeddable":true,"href":"https:\/\/canalissimo.fr\/index.php\/wp-json\/wp\/v2\/comments?post=3616"}],"version-history":[{"count":3,"href":"https:\/\/canalissimo.fr\/index.php\/wp-json\/wp\/v2\/posts\/3616\/revisions"}],"predecessor-version":[{"id":3690,"href":"https:\/\/canalissimo.fr\/index.php\/wp-json\/wp\/v2\/posts\/3616\/revisions\/3690"}],"wp:featuredmedia":[{"embeddable":true,"href":"https:\/\/canalissimo.fr\/index.php\/wp-json\/wp\/v2\/media\/3617"}],"wp:attachment":[{"href":"https:\/\/canalissimo.fr\/index.php\/wp-json\/wp\/v2\/media?parent=3616"}],"wp:term":[{"taxonomy":"category","embeddable":true,"href":"https:\/\/canalissimo.fr\/index.php\/wp-json\/wp\/v2\/categories?post=3616"},{"taxonomy":"post_tag","embeddable":true,"href":"https:\/\/canalissimo.fr\/index.php\/wp-json\/wp\/v2\/tags?post=3616"}],"curies":[{"name":"wp","href":"https:\/\/api.w.org\/{rel}","templated":true}]}}