{"id":3613,"date":"2024-04-23T12:30:01","date_gmt":"2024-04-23T11:30:01","guid":{"rendered":"https:\/\/canalissimo.fr\/?p=3613"},"modified":"2024-04-23T15:32:43","modified_gmt":"2024-04-23T14:32:43","slug":"vendredi-28-juin-21h45","status":"publish","type":"post","link":"https:\/\/canalissimo.fr\/index.php\/2024\/04\/23\/vendredi-28-juin-21h45\/","title":{"rendered":"Vendredi 28 Juin &#8211; 21h45"},"content":{"rendered":"<h1>Concert sc\u00e8ne : Petit Jean &#8211; 21h45 &#8211; Ecluse.<\/h1>\n<p>Cr\u00e9e en 1998, Petit Jean rena\u00eet de ses cendres un nouveau combo, des nouvelles compos plus cuivr\u00e9es et des anciennes revisit\u00e9es.<\/p>\n<p>Cinq musiciens (C\u2019dric, Jean-jacques, Xavier, Gabriel et Seb) d\u2019univers diff\u00e9rents et compl\u00e9mentaires se retrouvent autour d\u2019un r\u00e9pertoire dans lequel les harmonies vocales se m\u00e9langent \u00e0 la diversit\u00e9 des instruments, et o\u00f9 les textes, parfois l\u00e9gers, parfois engag\u00e9s &#8211; notamment sur l\u2019environnement- se laissent porter par une musique \u00ab trad \u00bb r\u00e9solument plus rock, plus festive voire parfois transe.<\/p>\n<p>Une musique des traverses sans fronti\u00e8res, proche des gens et f\u00e9d\u00e9ratrice, \u00e0 l\u2019image de leur adaptation de Jean Petit qui danse, fleuron de leur r\u00e9pertoire depuis plus de 20 ans\u2026<\/p>\n<div><\/div>\n","protected":false},"excerpt":{"rendered":"<p>Concert sc\u00e8ne : Petit Jean &#8211; 21h45 &#8211; Ecluse. Cr\u00e9e en 1998, Petit Jean rena\u00eet de ses cendres un nouveau combo, des nouvelles compos plus cuivr\u00e9es et des anciennes revisit\u00e9es. Cinq musiciens (C\u2019dric, Jean-jacques, Xavier, Gabriel et Seb) d\u2019univers diff\u00e9rents [&hellip;]<\/p>\n","protected":false},"author":1,"featured_media":3614,"comment_status":"closed","ping_status":"closed","sticky":false,"template":"elementor_header_footer","format":"standard","meta":{"footnotes":""},"categories":[21],"tags":[],"class_list":["post-3613","post","type-post","status-publish","format-standard","has-post-thumbnail","hentry","category-21"],"_links":{"self":[{"href":"https:\/\/canalissimo.fr\/index.php\/wp-json\/wp\/v2\/posts\/3613","targetHints":{"allow":["GET"]}}],"collection":[{"href":"https:\/\/canalissimo.fr\/index.php\/wp-json\/wp\/v2\/posts"}],"about":[{"href":"https:\/\/canalissimo.fr\/index.php\/wp-json\/wp\/v2\/types\/post"}],"author":[{"embeddable":true,"href":"https:\/\/canalissimo.fr\/index.php\/wp-json\/wp\/v2\/users\/1"}],"replies":[{"embeddable":true,"href":"https:\/\/canalissimo.fr\/index.php\/wp-json\/wp\/v2\/comments?post=3613"}],"version-history":[{"count":2,"href":"https:\/\/canalissimo.fr\/index.php\/wp-json\/wp\/v2\/posts\/3613\/revisions"}],"predecessor-version":[{"id":3659,"href":"https:\/\/canalissimo.fr\/index.php\/wp-json\/wp\/v2\/posts\/3613\/revisions\/3659"}],"wp:featuredmedia":[{"embeddable":true,"href":"https:\/\/canalissimo.fr\/index.php\/wp-json\/wp\/v2\/media\/3614"}],"wp:attachment":[{"href":"https:\/\/canalissimo.fr\/index.php\/wp-json\/wp\/v2\/media?parent=3613"}],"wp:term":[{"taxonomy":"category","embeddable":true,"href":"https:\/\/canalissimo.fr\/index.php\/wp-json\/wp\/v2\/categories?post=3613"},{"taxonomy":"post_tag","embeddable":true,"href":"https:\/\/canalissimo.fr\/index.php\/wp-json\/wp\/v2\/tags?post=3613"}],"curies":[{"name":"wp","href":"https:\/\/api.w.org\/{rel}","templated":true}]}}