{"id":3594,"date":"2024-04-23T12:44:52","date_gmt":"2024-04-23T11:44:52","guid":{"rendered":"https:\/\/canalissimo.fr\/?p=3594"},"modified":"2024-05-17T09:57:54","modified_gmt":"2024-05-17T08:57:54","slug":"jeudi-27-21h30","status":"publish","type":"post","link":"https:\/\/canalissimo.fr\/index.php\/2024\/04\/23\/jeudi-27-21h30\/","title":{"rendered":"Jeudi 27 Juin &#8211; 21h30"},"content":{"rendered":"\t\t<div data-elementor-type=\"wp-post\" data-elementor-id=\"3594\" class=\"elementor elementor-3594\">\n\t\t\t\t\t\t<section class=\"elementor-section elementor-top-section elementor-element elementor-element-69997dd elementor-section-boxed elementor-section-height-default elementor-section-height-default\" data-id=\"69997dd\" data-element_type=\"section\">\n\t\t\t\t\t\t<div class=\"elementor-container elementor-column-gap-default\">\n\t\t\t\t\t<div class=\"elementor-column elementor-col-100 elementor-top-column elementor-element elementor-element-c977839\" data-id=\"c977839\" data-element_type=\"column\">\n\t\t\t<div class=\"elementor-widget-wrap elementor-element-populated\">\n\t\t\t\t\t\t<div class=\"elementor-element elementor-element-ca7658d elementor-widget elementor-widget-text-editor\" data-id=\"ca7658d\" data-element_type=\"widget\" data-widget_type=\"text-editor.default\">\n\t\t\t\t<div class=\"elementor-widget-container\">\n\t\t\t\t\t\t\t\t\t<h1>Concert sc\u00e8ne : GN\/AS Gospel &#8211; 21h30 &#8211; Ecluse.<\/h1><p><strong>Un concert de GN\/AS Gospel, c\u2019est un voyage au c\u0153ur du Gospel traditionnel, autour de compositions de son chef de ch\u0153ur, Fred Lewin, et de chants traditionnels afro-am\u00e9ricains.<\/strong><\/p><p><strong>Fred Lewin dirige ce ch\u0153ur, qui se partage entre Montpellier et Al\u00e8s, avec \u00e9nergie depuis sa cr\u00e9ation en 1997. 25 ans de concerts \u00e0 travers la r\u00e9gion, en France et jusqu\u2019en Espagne.<\/strong><\/p><p><strong>Une soir\u00e9e avec GN\/AS Gospel, c\u2019est l\u2019assurance de faire le plein d\u2019\u00e9nergie, d\u2019espoir, de vie et de foi, et se recharger, au travers de chants qui alternent entre \u00e9nergie dense et \u00e9motion vive. Un moment de communion hors du temps, entre ch\u0153ur et audience. Une \u00e9nergie rare, des \u00e9motions, un Gospel traditionnel et actuel\u00a0: une R\u00e9volution pure\u00a0!<\/strong><\/p><p><strong><br \/><\/strong><\/p>\t\t\t\t\t\t\t\t<\/div>\n\t\t\t\t<\/div>\n\t\t\t\t\t<\/div>\n\t\t<\/div>\n\t\t\t\t\t<\/div>\n\t\t<\/section>\n\t\t\t\t<\/div>\n\t\t","protected":false},"excerpt":{"rendered":"<p>Concert sc\u00e8ne : GN\/AS Gospel &#8211; 21h30 &#8211; Ecluse. Un concert de GN\/AS Gospel, c\u2019est un voyage au c\u0153ur du Gospel traditionnel, autour de compositions de son chef de ch\u0153ur, Fred Lewin, et de chants traditionnels afro-am\u00e9ricains. Fred Lewin dirige [&hellip;]<\/p>\n","protected":false},"author":1,"featured_media":3604,"comment_status":"closed","ping_status":"closed","sticky":false,"template":"elementor_header_footer","format":"standard","meta":{"footnotes":""},"categories":[21],"tags":[],"class_list":["post-3594","post","type-post","status-publish","format-standard","has-post-thumbnail","hentry","category-21"],"_links":{"self":[{"href":"https:\/\/canalissimo.fr\/index.php\/wp-json\/wp\/v2\/posts\/3594","targetHints":{"allow":["GET"]}}],"collection":[{"href":"https:\/\/canalissimo.fr\/index.php\/wp-json\/wp\/v2\/posts"}],"about":[{"href":"https:\/\/canalissimo.fr\/index.php\/wp-json\/wp\/v2\/types\/post"}],"author":[{"embeddable":true,"href":"https:\/\/canalissimo.fr\/index.php\/wp-json\/wp\/v2\/users\/1"}],"replies":[{"embeddable":true,"href":"https:\/\/canalissimo.fr\/index.php\/wp-json\/wp\/v2\/comments?post=3594"}],"version-history":[{"count":6,"href":"https:\/\/canalissimo.fr\/index.php\/wp-json\/wp\/v2\/posts\/3594\/revisions"}],"predecessor-version":[{"id":3793,"href":"https:\/\/canalissimo.fr\/index.php\/wp-json\/wp\/v2\/posts\/3594\/revisions\/3793"}],"wp:featuredmedia":[{"embeddable":true,"href":"https:\/\/canalissimo.fr\/index.php\/wp-json\/wp\/v2\/media\/3604"}],"wp:attachment":[{"href":"https:\/\/canalissimo.fr\/index.php\/wp-json\/wp\/v2\/media?parent=3594"}],"wp:term":[{"taxonomy":"category","embeddable":true,"href":"https:\/\/canalissimo.fr\/index.php\/wp-json\/wp\/v2\/categories?post=3594"},{"taxonomy":"post_tag","embeddable":true,"href":"https:\/\/canalissimo.fr\/index.php\/wp-json\/wp\/v2\/tags?post=3594"}],"curies":[{"name":"wp","href":"https:\/\/api.w.org\/{rel}","templated":true}]}}